{"id":127,"date":"2022-09-20T21:40:13","date_gmt":"2022-09-20T18:40:13","guid":{"rendered":"http:\/\/localhost\/utamer\/?p=127"},"modified":"2022-10-01T20:32:56","modified_gmt":"2022-10-01T17:32:56","slug":"iranin-afrika-politikasinda-stklarin-rolu-dunya-ehlibeyt-kurultayi-ornegi","status":"publish","type":"post","link":"http:\/\/utamer.org\/index.php\/2022\/09\/20\/iranin-afrika-politikasinda-stklarin-rolu-dunya-ehlibeyt-kurultayi-ornegi\/","title":{"rendered":"\u0130ran\u2019\u0131n Afrika Politikas\u0131nda STK\u2019lar\u0131n Rol\u00fc: D\u00fcnya Ehlibeyt Kurultay\u0131 \u00d6rne\u011fi"},"content":{"rendered":"\n<p class=\"has-black-color has-text-color\">Sivil Toplum Kurulu\u015flar\u0131 (STK) \u00fclkelerin d\u0131\u015f politikas\u0131nda kulland\u0131\u011f\u0131 \u00f6nemli ara\u00e7lardan biridir. \u0130ran \u0130sl\u00e2m Cumhuriyeti\u2019nin Afrika\u2019ya y\u00f6nelik olarak izledi\u011fi politika ba\u011flam\u0131nda bahse konu olu\u015fumlar\u0131n \u00f6nemli bir rol oynad\u0131\u011f\u0131 g\u00f6r\u00fclmektedir. Bu sivil \u00f6rg\u00fctlerden en \u00f6nemlisinin D\u00fcnya Ehlibeyt Kurultay\u0131 oldu\u011fu bilinmektedir. Kurulu\u015f 1990 y\u0131l\u0131nda \u0130ran Dini Rehberi Ayetullah Ali Hamaney\u2019in talimat\u0131yla kurulmu\u015ftur.&nbsp;<\/p>\n\n\n\n<p>Kurultay\u0131n genel merkezi \u0130ran\u2019\u0131n Kum \u015fehrindedir. Kurultaya ba\u011fl\u0131 olan genel kurul b\u00fcnyesinde \u015eiilerin \u00f6nde gelen alimlerini bar\u0131nd\u0131rmaktad\u0131r. Genel Kurul \u00fcyelerinin 25 \u00fclkede faaliyet g\u00f6steren 300 \u015eii aliminden olu\u015ftu\u011fu bilinmektedir. Kurulun Afrika sorumlusu G\u00fcney Afrikal\u0131 <a href=\"http:\/\/www.wikizero.info\/index.php?q=aHR0cHM6Ly90ci53aWtpcGVkaWEub3JnL3cvaW5kZXgucGhwP3RpdGxlPUglQzMlQkNjY2V0JUMzJUJDJUUyJTgwJTk5bF8lQzQlQjBzbGFtX3ZlJUUyJTgwJTk5bF9NJUMzJUJDc2xpbSVFMiU4MCU5OWluX1NleXlpZF9NdXJ0YXphX011cnRhemEmYWN0aW9uPWVkaXQmcmVkbGluaz0x\">H\u00fcccet\u00fc\u2019l \u0130sl\u00e2m ve\u2019l M\u00fcslim\u2019in Seyyid Murtaza Murtaz<\/a>a\u2019d\u0131r.<a href=\"#_ftn1\" id=\"_ftnref1\">[1]<\/a><\/p>\n\n\n\n<p>D\u00fcnya Ehlibeyt Kurultay\u0131\u2019n\u0131n kurulu\u015f amac\u0131 d\u00fcnyadaki t\u00fcm \u015eiileri desteklemek, \u015eiili\u011fi tebli\u011f etmeye y\u00f6nelik faaliyetler y\u00fcr\u00fctmek ve \u015eii gruplar aras\u0131nda koordinasyon sa\u011flamakt\u0131r. S\u00f6z konusu olu\u015fum, Afrika\u2019da \u0130ran merkezli olarak \u00e7al\u0131\u015fan en faal \u00f6rg\u00fctlerden biridir. Ayr\u0131ca \u0130ran, bu t\u00fcr kurulu\u015flar sayesinde Afrika\u2019da yumu\u015fak g\u00fc\u00e7 sa\u011flamakta ve istihbarat faaliyetleri y\u00fcr\u00fctmektedir.&nbsp;<\/p>\n\n\n\n<figure class=\"wp-block-image size-full\"><img loading=\"lazy\" decoding=\"async\" width=\"1024\" height=\"683\" src=\"http:\/\/localhost\/utamer\/wp-content\/uploads\/2022\/09\/Iran-1024x683-1.jpg\" alt=\"\" class=\"wp-image-129\" srcset=\"http:\/\/utamer.org\/wp-content\/uploads\/2022\/09\/Iran-1024x683-1.jpg 1024w, http:\/\/utamer.org\/wp-content\/uploads\/2022\/09\/Iran-1024x683-1-300x200.jpg 300w, http:\/\/utamer.org\/wp-content\/uploads\/2022\/09\/Iran-1024x683-1-768x512.jpg 768w, http:\/\/utamer.org\/wp-content\/uploads\/2022\/09\/Iran-1024x683-1-90x60.jpg 90w, http:\/\/utamer.org\/wp-content\/uploads\/2022\/09\/Iran-1024x683-1-180x120.jpg 180w, http:\/\/utamer.org\/wp-content\/uploads\/2022\/09\/Iran-1024x683-1-95x64.jpg 95w\" sizes=\"auto, (max-width: 1024px) 100vw, 1024px\" \/><\/figure>\n\n\n\n<p><strong>D\u00fcnya Ehlibeyt Kurultay\u0131\u2019n\u0131n Afrika\u2019da Y\u00fcr\u00fctt\u00fc\u011f\u00fc Faaliyetler<\/strong><\/p>\n\n\n\n<p>D\u00fcnya Ehlibeyt Kurultay\u0131\u2019n\u0131n \u015eiile\u015ftirme faaliyetlerinde \u00f6nemli roller \u00fcstlenen di\u011fer organizasyonlara maddi yard\u0131mlar ula\u015ft\u0131rmak ba\u011flam\u0131nda icraatta bulundu\u011fu bilinmektedir. \u00d6rne\u011fin; Kuveyt merkezli bir organizasyon olan el-Envar \u0130nsani Yard\u0131m \u00d6rg\u00fct\u00fc Afrika\u2019da y\u00fcr\u00fct\u00fclen \u015eiili\u011fi tebli\u011f etmeye y\u00f6nelik faaliyetler konusunda \u00f6nc\u00fc olmu\u015ftur.<sup>2<\/sup>&nbsp;<\/p>\n\n\n\n<p><strong>D\u00fcnya Ehlibeyt Kurultay\u0131\u2019n\u0131n Faaliyetleri<\/strong><\/p>\n\n\n\n<ul class=\"wp-block-list\"><li><strong>Uluslararas\u0131 konferanslar d\u00fczenlemek: <\/strong>Uluslararas\u0131 konferanslara genellikle \u015eii D\u00fcnyas\u0131\u2019n\u0131n \u00f6nde gelen Afrikal\u0131 kat\u0131l\u0131mc\u0131lar\u0131 i\u015ftirak etmektedir. \u00d6rne\u011fin; 23 Aral\u0131k 2017 tarihinde d\u00fczenlenen Ehlibeyt Konferans\u0131\u2019na yakla\u015f\u0131k 93 \u00fclkeden 600 alim kat\u0131l\u0131m sa\u011flam\u0131\u015ft\u0131r.&nbsp;<\/li><li><strong>\u0130ran\u2019da etkinlik d\u00fczenlemek:<\/strong> Kurultay\u0131n 2014 y\u0131l\u0131nda yay\u0131mlad\u0131\u011f\u0131 bir rapora g\u00f6re \u0130ran\u2019da 20 etkinlik d\u00fczenlenmi\u015f ve bu etkinliklere 1000 ki\u015fi kat\u0131lm\u0131\u015ft\u0131r. Madagaskar ve Kenya\u2019dan gelen kat\u0131l\u0131mc\u0131lar da etkinliklere i\u015ftirak etmi\u015ftir. D\u00fczenlenen etkinlikler dini ve k\u00fclt\u00fcrel faaliyetleri de i\u00e7ermektedir.&nbsp;<\/li><li><strong>Yay\u0131nlar yay\u0131mlamak:<\/strong> Yukar\u0131da bahsedildi\u011fi \u00fczere \u0130ran, Afrika \u00fclkelerinde \u015eiili\u011fi yaymak ad\u0131na b\u00fct\u00fcn STK\u2019lar\u0131 seferber etmi\u015ftir. \u015eiile\u015ftirme hususunda \u0130ran\u2019\u0131n destek ald\u0131\u011f\u0131 en \u00f6nemli kurumlardan biri de D\u00fcnya Ehlibeyt Kurultay\u0131\u2019d\u0131r. Kur\u2019an\u2019i \u0130limler, Ahlak, Humeyni ve \u0130sl\u00e2mi Devrim gibi \u00f6nemli dini yay\u0131nlar Afrika\u2019da \u00fccretsiz olarak da\u011f\u0131t\u0131lmaktad\u0131r. 2014 y\u0131l\u0131nda 500.000 kitab\u0131n 24 \u00fclkeye g\u00f6nderildi\u011fi tespit edilmi\u015ftir. Bu yay\u0131nlar Arap\u00e7a, Fars\u00e7a, \u0130ngilizce ve Frans\u0131zcan\u0131n yan\u0131 s\u0131ra Savahilice ve Havsa gibi Afrika yerel dillerinde bas\u0131larak; k\u0131ta \u00fclkelerine g\u00f6nderilmektedir.&nbsp;<\/li><li><strong>Afrika\u2019da bulunan \u015eii gruplara maddi yard\u0131m ve e\u011fitim deste\u011fi sa\u011flamak: <\/strong>\u0130ran, D\u00fcnya Ehlibeyt Kurultay\u0131 \u00fczerinden Afrikal\u0131 \u015eiilere maddi destek sa\u011flamaktad\u0131r. \u00d6rne\u011fin; Tunus, Fas, Nijer, Cezayir, Burkina Faso, Gine, Tanzanya, Komorlar Birli\u011fi, Madagaskar, Sudan (2014 y\u0131l\u0131 \u00f6ncesinde), Sierra Leone, Nijerya, G\u00fcney Afrika ve Liberya gibi \u00fclkelerde ya\u015fayan \u015eiilere do\u011frudan maddi destek sa\u011fland\u0131\u011f\u0131 ve cami ile okullar in\u015fa edildi\u011fi bilinmektedir. \u00d6rne\u011fin; Kuveytli \u015eii hay\u0131rsever Fatima Abdullah Hayeder, kurultay\u0131 destekleyerek; 2014 y\u0131l\u0131nda Liberya\u2019n\u0131n ba\u015fkenti Monrovia\u2019da Ehlibeyt Camisi, el-Weleye Lisesi ve \u0130mam R\u0131za Kurumu vb. \u015eii olu\u015fumlar\u0131n in\u015fa edilmesine katk\u0131 sa\u011flam\u0131\u015ft\u0131r. G\u00fcney Afrika\u2019da ise 5 Aral\u0131k 2017 tarihinde Cape Town\u2019a ba\u011fl\u0131 Ottery b\u00f6lgesinde hizmete sunulan Ehlibeyt Camisi, kurultay\u0131n deste\u011fiyle in\u015fa edilmi\u015ftir.&nbsp;<a href=\"#_ftn2\" id=\"_ftnref2\">[2]<\/a><\/li><li><strong>Ehlibeyt Ajans\u0131 \u00fczerinden Afrika \u015eiileriyle ilgili haberleri d\u00fcnyaya duyurmak: <\/strong>Bilindi\u011fi \u00fczere Kurultay medya faaliyetleri y\u00fcr\u00fctmektedir. Bu faaliyetler do\u011frultusunda Afrika \u015eiileriyle ilgili haberlerin t\u00fcm d\u00fcnyayla payla\u015f\u0131lmas\u0131 hedeflenmektedir. S\u00f6z konusu duruma Nijeryal\u0131 \u015eiilerin lideri \u0130brahim Yakup el-Zakzaki\u2019nin Nijerya g\u00fcvenlik g\u00fc\u00e7leri taraf\u0131ndan tutukland\u0131\u011f\u0131 s\u0131rada \u201c<em>We are all Zakzaky\u201d<\/em>kampanyas\u0131n\u0131n ba\u015flat\u0131lmas\u0131 ve d\u00fcnyan\u0131n \u00fclkedeki \u015eiilerin protesto hareketlerinden haberdar edilmesi \u00f6rnek olarak g\u00f6sterilebilir.&nbsp;<a href=\"#_ftn3\" id=\"_ftnref3\">[3]<\/a><\/li><\/ul>\n\n\n\n<p><strong>Sonu\u00e7<\/strong><\/p>\n\n\n\n<p>Yukar\u0131da g\u00f6r\u00fcld\u00fc\u011f\u00fc \u00fczere \u0130ran\u2019\u0131n Afrika\u2019y\u0131 \u015eiile\u015ftirme politikas\u0131n\u0131n \u00f6nemli ara\u00e7lar\u0131ndan biri olan D\u00fcnya Ehlibeyt Kurultay\u0131, k\u0131tan\u0131n bir\u00e7ok \u00fclkesine dini ve maddi anlamda yard\u0131m sa\u011flamaktad\u0131r. \u0130sl\u00e2m Birli\u011fi s\u00f6ylemini kullanarak; Afrikal\u0131 S\u00fcnni topluluklar\u0131n i\u00e7ine s\u0131zan kurultay, k\u0131tay\u0131 \u015eiile\u015ftirme hususunda \u00f6nemli bir rol oynad\u0131\u011f\u0131n\u0131 g\u00f6stermi\u015ftir. Bu ba\u011flamda \u015eiili\u011fin Afrika\u2019da yay\u0131lmas\u0131 durumunda \u0130ran\u2019\u0131n k\u0131ta \u00fczerinde siyasi, iktisadi, dini ve k\u00fclt\u00fcrel n\u00fcfuzunu artt\u0131rma ihtimali y\u00fcksektir. Dolay\u0131s\u0131yla T\u00fcrkiye\u2019nin Afrika politikas\u0131 ba\u011flam\u0131nda olumsuz bir sonu\u00e7 do\u011facakt\u0131r.<\/p>\n\n\n\n<p><strong>Referanslar<\/strong><\/p>\n\n\n\n<p>1.&nbsp;\u201cIrani Intellegence Activities in Africa\u201d, <em>Aljazeera<\/em>,&nbsp; <a href=\"https:\/\/static.guim.co.uk\/ni\/1424713160050\/SSA-on-Iranian-intelligence.pdfi\">https:\/\/static.guim.co.uk\/ni\/1424713160050\/SSA-on-Iranian-intelligence.pdfi<\/a>, (Eri\u015fim Tarihi: 06.02.2018).<\/p>\n\n\n\n<p>2. \u201c\u062f\u0639\u0648\u0629 \u0644\u0644\u0645\u0633\u0627\u0647\u0645\u0629 \u0641\u064a \u0646\u0634\u0631 \u0641\u0643\u0631 \u0623\u0647\u0644 \u0627\u0644\u0628\u064a\u062a \u0639\u0644\u064a\u0647\u0645 \u0627\u0644\u0633\u0644\u0627\u0645 \u0641\u064a \u0623\u0641\u0631\u064a\u0642\u064a\u0627 (Afrika\u2019da Ehlibeyt Fikrinin Yay\u0131lmas\u0131 i\u00e7in Bir Yard\u0131m \u0130ste\u011fi)\u201d, <em>Alanwar, <\/em>http:\/\/www.alanwar14.com\/print.php?id=124, (Eri\u015fim Tarihi: 06.02.2018).<\/p>\n\n\n\n<p>3.&nbsp;\u201c\u0627\u0644\u0645\u062c\u0645\u0639 \u0627\u0644\u0639\u0627\u0644\u0645\u064a \u0644\u0623\u0647\u0644 \u0627\u0644\u0628\u064a\u062a.. \u0645\u0627\u0641\u064a\u0627 \u0625\u064a\u0631\u0627\u0646\u064a\u0629 \u0644\u0646\u0634\u0631 \u0627\u0644\u062a\u0634\u064a\u0639 (D\u00fcnya Ehlibeyt Kurultay\u0131 D\u00fcnyan\u0131n \u015eiile\u015fmesini \u0130steyen Bir Mafyad\u0131r)\u201d, <em>Alrased<\/em>,&nbsp; <a href=\"http:\/\/www.alrased.net\/main\/articles.aspx?selected_articnle_no=6991\">http:\/\/www.alrased.net\/main\/articles.aspx?selected_articnle_no=6991<\/a>, (Eri\u015fim Tarihi: 06.02.2018).&nbsp;<\/p>\n\n\n\n<hr class=\"wp-block-separator has-alpha-channel-opacity\"\/>\n\n\n\n<p><a href=\"#_ftnref1\" id=\"_ftn1\">[1]<\/a>&nbsp;\u201cIrani Intellegence Activities in Africa\u201d, <em>Aljazeera<\/em>,&nbsp; <a href=\"https:\/\/static.guim.co.uk\/ni\/1424713160050\/SSA-on-Iranian-intelligence.pdfi\">https:\/\/static.guim.co.uk\/ni\/1424713160050\/SSA-on-Iranian-intelligence.pdfi<\/a>, (Eri\u015fim Tarihi: 17.09.2022)<\/p>\n\n\n\n<p><a href=\"#_ftnref2\" id=\"_ftn2\">[2]<\/a> \u201c\u062f\u0639\u0648\u0629 \u0644\u0644\u0645\u0633\u0627\u0647\u0645\u0629 \u0641\u064a \u0646\u0634\u0631 \u0641\u0643\u0631 \u0623\u0647\u0644 \u0627\u0644\u0628\u064a\u062a \u0639\u0644\u064a\u0647\u0645 \u0627\u0644\u0633\u0644\u0627\u0645 \u0641\u064a \u0623\u0641\u0631\u064a\u0642\u064a\u0627 (Afrika\u2019da Ehlibeyt Fikrinin Yay\u0131lmas\u0131 i\u00e7in Bir Yard\u0131m \u0130ste\u011fi)\u201d, <em>Alanwar, <\/em>http:\/\/www.alanwar14.com\/print.php?id=124, (Eri\u015fim Tarihi: (Eri\u015fim Tarihi: 18.09.2022).&nbsp;<\/p>\n\n\n\n<p><a href=\"#_ftnref3\" id=\"_ftn3\">[3]<\/a> &nbsp;\u201cNew Mosque in Ottery\u201d, <em>News 24<\/em>, https:\/\/www.news24.com\/SouthAfrica\/Local\/Peoples-Post\/new-mosque-in-ottery-20171127, (Eri\u015fim Tarihi: 18.09.2022).&nbsp;<\/p>\n","protected":false},"excerpt":{"rendered":"<p>Sivil Toplum Kurulu\u015flar\u0131 (STK) \u00fclkelerin d\u0131\u015f politikas\u0131nda kulland\u0131\u011f\u0131 \u00f6nemli ara\u00e7lardan biridir. \u0130ran \u0130sl\u00e2m Cumhuriyeti\u2019nin Afrika\u2019ya y\u00f6nelik olarak izledi\u011fi politika ba\u011flam\u0131nda bahse konu olu\u015fumlar\u0131n \u00f6nemli bir rol oynad\u0131\u011f\u0131 g\u00f6r\u00fclmektedir. Bu sivil \u00f6rg\u00fctlerden en \u00f6nemlisinin D\u00fcnya Ehlibeyt Kurultay\u0131 oldu\u011fu bilinmektedir. Kurulu\u015f 1990 y\u0131l\u0131nda \u0130ran Dini Rehberi Ayetullah Ali Hamaney\u2019in talimat\u0131yla kurulmu\u015ftur.&nbsp; Kurultay\u0131n genel merkezi \u0130ran\u2019\u0131n Kum \u015fehrindedir. [&hellip;]<\/p>\n","protected":false},"author":1,"featured_media":128,"comment_status":"open","ping_status":"open","sticky":false,"template":"","format":"standard","meta":{"footnotes":""},"categories":[15,23,26],"tags":[],"class_list":{"0":"post-127","1":"post","2":"type-post","3":"status-publish","4":"format-standard","5":"has-post-thumbnail","7":"category-analizler","8":"category-manset","9":"category-ortadogu"},"_links":{"self":[{"href":"http:\/\/utamer.org\/index.php\/wp-json\/wp\/v2\/posts\/127","targetHints":{"allow":["GET"]}}],"collection":[{"href":"http:\/\/utamer.org\/index.php\/wp-json\/wp\/v2\/posts"}],"about":[{"href":"http:\/\/utamer.org\/index.php\/wp-json\/wp\/v2\/types\/post"}],"author":[{"embeddable":true,"href":"http:\/\/utamer.org\/index.php\/wp-json\/wp\/v2\/users\/1"}],"replies":[{"embeddable":true,"href":"http:\/\/utamer.org\/index.php\/wp-json\/wp\/v2\/comments?post=127"}],"version-history":[{"count":2,"href":"http:\/\/utamer.org\/index.php\/wp-json\/wp\/v2\/posts\/127\/revisions"}],"predecessor-version":[{"id":311,"href":"http:\/\/utamer.org\/index.php\/wp-json\/wp\/v2\/posts\/127\/revisions\/311"}],"wp:featuredmedia":[{"embeddable":true,"href":"http:\/\/utamer.org\/index.php\/wp-json\/wp\/v2\/media\/128"}],"wp:attachment":[{"href":"http:\/\/utamer.org\/index.php\/wp-json\/wp\/v2\/media?parent=127"}],"wp:term":[{"taxonomy":"category","embeddable":true,"href":"http:\/\/utamer.org\/index.php\/wp-json\/wp\/v2\/categories?post=127"},{"taxonomy":"post_tag","embeddable":true,"href":"http:\/\/utamer.org\/index.php\/wp-json\/wp\/v2\/tags?post=127"}],"curies":[{"name":"wp","href":"https:\/\/api.w.org\/{rel}","templated":true}]}}