{"id":216,"date":"2022-09-21T20:00:24","date_gmt":"2022-09-21T17:00:24","guid":{"rendered":"http:\/\/utamer.org\/?p=216"},"modified":"2022-09-21T20:00:27","modified_gmt":"2022-09-21T17:00:27","slug":"traktor-sazi-guney-azerbaycanin-ozgurluk-simgesi","status":"publish","type":"post","link":"http:\/\/utamer.org\/index.php\/2022\/09\/21\/traktor-sazi-guney-azerbaycanin-ozgurluk-simgesi\/","title":{"rendered":"Trakt\u00f6r Saz\u0131: G\u00fcney Azerbaycan\u2019\u0131n \u00d6zg\u00fcrl\u00fck Simgesi"},"content":{"rendered":"\n<p><strong>\u015eamil Kandemir<\/strong><\/p>\n\n\n\n<p>Trakt\u00f6r Sazi, \u0130ran\u2019\u0131n Tebriz \u015fehrinde yer alan, d\u00fcnyan\u0131n en fazla T\u00fcrk taraftar\u0131na sahip futbol tak\u0131m\u0131d\u0131r. Ma\u00e7lar\u0131n\u0131 ortalama 80 bin taraftarla oynayan Trakt\u00f6r Sazi, G\u00fcney Azerbaycan T\u00fcrklerinin sembol\u00fc olmu\u015ftur. 1970 y\u0131l\u0131nda kurulan futbol tak\u0131m\u0131 ma\u00e7lar\u0131n\u0131 Yadigar \u0130mam Stadyumu&#8217;nda oynamaktad\u0131r. \u0130smini, \u00fclkenin en b\u00fcy\u00fck trakt\u00f6r fabrikas\u0131ndan almaktad\u0131r. Kul\u00fcp 2002 senesinde ligden d\u00fc\u015fmesine ra\u011fmen 2010 y\u0131l\u0131nda Iran Birinci Ligi&#8217;ne tekrar \u00e7\u0131kmay\u0131 ba\u015farm\u0131\u015ft\u0131r, Iran Birinci Ligi&#8217;ne \u00e7\u0131kt\u0131\u011f\u0131 2010 senesinde kar\u015f\u0131la\u015ft\u0131klar\u0131 Persepolis kar\u015f\u0131la\u015fmas\u0131nda stat ve \u00e7evresine 120 bin taraftar toplayarak \u0130ran Birinci Ligi&#8217;nde taraftar rekoru k\u0131rmay\u0131 ba\u015farm\u0131\u015ft\u0131r. 2013 senesinde tarihinde ilk defa Asya \u015eampiyonlar Ligi&#8217;ne kat\u0131lm\u0131\u015ft\u0131r.&nbsp;<\/p>\n\n\n\n<p>\u0130ran\u2019daki 40 milyon T\u00fcrk&#8217;\u00fcn sesi olan Trakt\u00f6r Sazi taraftarlar\u0131 kendilerine &#8220;K\u0131z\u0131lkurt&#8221; ismini takm\u0131\u015flard\u0131r. G\u00fcndeme bir futbol kul\u00fcb\u00fc olmaktan daha \u00e7ok toplumsal olaylara g\u00f6sterdikleri reaksiyonlarla damga vurmu\u015flard\u0131r. Mar\u015flar\u0131n\u0131 bozkurt i\u015fareti yaparak s\u00f6ylerler ve ma\u00e7 esnas\u0131nda hep bir a\u011f\u0131zdan birer kurt gibi ulurlar.&nbsp;&nbsp; Tebriz-Bak\u00fc-Ankara; biz hara, farslar hara&#8221;(Tebriz-Bak\u00fc-Ankara; biz nere, farslar nere?). &#8220;Azerbaycan var olsun istemeyen k\u00f6r olsun&#8221;, &#8220;T\u00fcrk dilinde medrese olmal\u0131d\u0131r herkese&#8221; ve &#8220;Azerbaycan bir olsun\/Merkezi Tebriz olsun&#8221; gibi tezah\u00fcratlarla Iran fa\u015fizminin sindirmeye \u00e7al\u0131\u015ft\u0131\u011f\u0131 T\u00fcrkl\u00fck duygular\u0131n\u0131 ye\u015fil sahalar \u00fczerinden a\u00e7\u0131\u011fa vurmaya \u00e7al\u0131\u015fmaktad\u0131rlar.&nbsp;<\/p>\n\n\n\n<p><strong>&#8220;Yel Yatar. Tufan Yatar, Yatmaz Traktor Bayra\u011f\u0131&#8221;&nbsp;<\/strong><\/p>\n\n\n\n<p>2015 senesinde \u015fampiyonlu\u011fa oynayan Trakt\u00f6r Sazi&#8217;nin ba\u015f\u0131na ilgin\u00e7 bir olay geldi. Ligin son haftas\u0131 Naft Tahran tak\u0131m\u0131 kar\u015f\u0131s\u0131nda 3-1 \u00f6nde olan Trakt\u00f6r Sazi Futbol Kul\u00fcb\u00fc&#8217;n\u00fcn stad\u0131nda, \u015fampiyonlu\u011fun di\u011fer aday\u0131 olan Sepahan&#8217;\u0131n rakibi kar\u015f\u0131s\u0131nda yenildi\u011fi ve Trakt\u00f6r Sazi&#8217;nin \u015fampiyon olabilmesi i\u00e7in art\u0131k beraberli\u011fin bile yeterli oldu\u011fu anonsu yap\u0131ld\u0131. Bunun \u00fczerine kendi sahas\u0131na \u00e7ekilen ve rakibi kar\u015f\u0131s\u0131nda bask\u0131 kurmayan K\u0131z\u0131lkurtlar\u0131n tak\u0131m\u0131 sahadan 3-3 l\u00fck beraberlikle ayr\u0131ld\u0131. Tak\u0131mlar\u0131n\u0131n \u015fampiyon oldu\u011funu zanneden binlerce taraftar kutlama yapmak i\u00e7in stada dolu\u015ftu. Fakat sonras\u0131nda gelen anonsla birlikte sevin\u00e7 yerini \u00f6fkeye b\u0131rakt\u0131. \u00c7\u00fcnk\u00fc Sepahan rakibi kar\u015f\u0131s\u0131nda galip gelmi\u015f ve \u015fampiyonlu\u011fa ula\u015fm\u0131\u015ft\u0131. Bunun \u00fczerine \u00e7\u0131kan karga\u015fada taraftarlar ile g\u00fcvenlik g\u00fc\u00e7leri birbirine girdi. Geli\u015fen olaylarda onlarca taraftar yaraland\u0131, bir\u00e7o\u011fu da g\u00f6zalt\u0131na al\u0131nd\u0131.<\/p>\n\n\n\n<p>Trakt\u00f6r Sazi teknik direkt\u00f6r\u00fc IRNA haber ajans\u0131na sadece \u015fu a\u00e7\u0131klamay\u0131 yapt\u0131: &#8220;KANDIRILDIK!&#8221; Ma\u00e7 sonu en ilgin\u00e7 a\u00e7\u0131klama rakip tak\u0131m Naft Tahran CEO&#8217;sunun AFP haber ajans\u0131na yapt\u0131\u011f\u0131 \u015fu a\u00e7\u0131klama oldu: &#8220;87. Dakikaya kadar stad\u0131n ekranlar\u0131ndan ma\u00e7\u0131 izliyorduk. Bir anda televizyon, radyo, cep telefonu her \u015fey kesildi.&#8221; Yani stadyumdaki izleyici ve futbolcular\u0131n Sepahan ma\u00e7\u0131yla ilgili bilgi almalan kasten engellendi. Do\u011fu Azerbaycan Valisi \u0130smail Cabbarzade sonucun son derece tart\u0131\u015fmal\u0131 oldu\u011funu s\u00f6ylemi\u015f ve t\u00fcm taraftarlara so\u011fukkanl\u0131 olma \u00e7a\u011fr\u0131s\u0131 yapm\u0131\u015ft\u0131r. Trakt\u00f6r&#8217;\u00fcn trib\u00fcn lideri Yusuf \u00c7obani o s\u0131ralar kurtlar\u0131yla birlikte sokaklarda hayk\u0131r\u0131 yordu: \u201cYEL YATAR, TUFAN YATAR, YATMA TRAKTOR BAYRA\u011eI\u201d&nbsp;<\/p>\n\n\n\n<p><strong>K\u0131rm\u0131z\u0131 Kart Protestolar\u0131<\/strong><\/p>\n\n\n\n<p>15 May\u0131s 2015 tarihinde oynanan Trakt\u00f6r Sazi-Naft Tahran kar\u015f\u0131la\u015fmas\u0131nda ma\u00e7\u0131n hakeminin Trakt\u00f6r Sazi oyuncusu Andranik Teymourian&#8217;a gereksiz yere ikinci sar\u0131dan k\u0131rm\u0131z\u0131 kart g\u00f6stermesi ve devam\u0131nda rakip tak\u0131m\u0131n durumu 3-3&#8217;e getirip Trakt\u00f6r&#8217;\u00fcn \u015fampiyonlu\u011fu ka\u00e7\u0131rmas\u0131 Tebriz&#8217;de b\u00fcy\u00fck tepki uyand\u0131rd\u0131. Binlerce Tebrizli ellerine k\u0131rm\u0131z\u0131 kart alarak h\u00fck\u00fcmeti protesto etti. Ellerde bulunan k\u0131rm\u0131z\u0131 kartlar yaln\u0131z \u015fampiyonluk ma\u00e7\u0131nda olan skandal i\u00e7in kalkm\u0131yordu. Y\u0131llard\u0131r rejim taraf\u0131ndan uygulanan bask\u0131c\u0131 politikaya, asimilasyon hareketlerine. \u00f6ld\u00fcr\u00fclm\u00fc\u015f veya tutuklanm\u0131\u015f siyaset\u00e7i, yazar ve aktivistler i\u00e7in de t\u00fcm Tebriz Halk\u0131 elini cebine g\u00f6t\u00fcr\u00fcyor ve \u0130ran&#8217;a k\u0131rm\u0131z\u0131 kart\u0131 g\u00f6steriyordu.&nbsp;<\/p>\n\n\n\n<p><strong>G\u00fcney Azerbaycan<\/strong><\/p>\n\n\n\n<p>Af\u015far Devleti hakan\u0131 Nadir \u015eah&#8217;\u0131n \u00f6ld\u00fcr\u00fclmesinden sonra Azerbaycan&#8217;da si yasi birlik kurulamam\u0131\u015f ve b\u00f6lgede &#8220;Hanl\u0131klar D\u00f6nemi&#8221; ba\u015flam\u0131\u015ft\u0131r. Azerbaycan olarak adland\u0131r\u0131lan b\u00f6lge bu s\u00fcre\u00e7 ve sonras\u0131nda \u0130ran ve Rusya aras\u0131nda aman S\u0131z m\u00fccadelelere sahne olmu\u015ftur. Yap\u0131lan sava\u015f sonras\u0131nda Rusya, \u0130ran&#8217;\u0131n bir\u00e7ok topra\u011f\u0131n\u0131 ele ge\u00e7irmi\u015f ve akabinde G\u00fclistan Antla\u015fmas\u0131 imzalanm\u0131\u015ft\u0131r. Fakat \u0130ran kaybetti\u011fi topraklar\u0131 geri almak isteyince Rusya bu kez daha da g\u00fcneye inerek \u0130ran&#8217;\u0131n en \u00f6nemli \u015fehirlerinden birisi olan Tebriz&#8217;i ele ge\u00e7irmi\u015ftir. 21 \u015eubat 1828 de Rusya ve \u0130ran aras\u0131nda T\u00fcrkmen\u00e7ay Bar\u0131\u015f Anla\u015fmas\u0131 imzalanm\u0131\u015ft\u0131r. Antla\u015fmaya g\u00f6re Azerbaycan ikiye b\u00f6l\u00fcnecek kuzey de kalan k\u0131sm\u0131 Rusya&#8217;ya, g\u00fcneyde kalan k\u0131sm\u0131 ise \u0130ran&#8217;a b\u0131rak\u0131lacakt\u0131r. Kuzey Azerbaycan T\u00fcrkleri Sovyetler Birli\u011fi`nin da\u011f\u0131lmas\u0131yla 18 Ekim 1991&#8217;de ba\u011f\u0131ms\u0131zl\u0131klar\u0131n\u0131 kazanm\u0131\u015flard\u0131r. Fakat g\u00fcneyde kalan T\u00fcrkler hala \u0130ran Rejiminin boyunduru\u011fu alt\u0131ndad\u0131r.<\/p>\n\n\n\n<p>Tak\u0131m Mar\u015f\u0131<\/p>\n\n\n\n<pre class=\"wp-block-verse\"><\/pre>\n\n\n\n<figure class=\"wp-block-image size-full\"><img loading=\"lazy\" decoding=\"async\" width=\"710\" height=\"444\" src=\"http:\/\/utamer.org\/test\/wp-content\/uploads\/2022\/09\/thumb2-tractor-sazi-fc-4k-logo-leather-texture-iranian-football-club.png\" alt=\"\" class=\"wp-image-219\" srcset=\"http:\/\/utamer.org\/wp-content\/uploads\/2022\/09\/thumb2-tractor-sazi-fc-4k-logo-leather-texture-iranian-football-club.png 710w, http:\/\/utamer.org\/wp-content\/uploads\/2022\/09\/thumb2-tractor-sazi-fc-4k-logo-leather-texture-iranian-football-club-300x188.png 300w, http:\/\/utamer.org\/wp-content\/uploads\/2022\/09\/thumb2-tractor-sazi-fc-4k-logo-leather-texture-iranian-football-club-120x76.png 120w, http:\/\/utamer.org\/wp-content\/uploads\/2022\/09\/thumb2-tractor-sazi-fc-4k-logo-leather-texture-iranian-football-club-308x192.png 308w, http:\/\/utamer.org\/wp-content\/uploads\/2022\/09\/thumb2-tractor-sazi-fc-4k-logo-leather-texture-iranian-football-club-610x380.png 610w\" sizes=\"auto, (max-width: 710px) 100vw, 710px\" \/><\/figure>\n\n\n\n<p>Zafer mar\u015f\u0131n\u0131 \u00e7alan biziz<\/p>\n\n\n\n<p>D\u00fcnya boyu kalan biziz<\/p>\n\n\n\n<p>Kahramanl\u0131k bizimkidir<\/p>\n\n\n\n<p>\u0130ran&#8217;a ba\u015f olan biziz<\/p>\n\n\n\n<p>Azerbaycan diyar\u0131m\u0131z,<\/p>\n\n\n\n<p>Trakt\u00f6r iftihar\u0131m\u0131z<\/p>\n\n\n\n<p>Edep \u015feref \u015fuar\u0131m\u0131z<\/p>\n\n\n\n<p>Trakt\u00f6r iftihar\u0131m\u0131z<\/p>\n\n\n\n<p>Birlik g\u00fcc\u00fcne inanm\u0131\u015f\u0131z<\/p>\n\n\n\n<p>Da\u011flar gibi dayanm\u0131\u015f\u0131z<\/p>\n\n\n\n<p>\u00c7ok meydanlar dola\u015fm\u0131\u015f\u0131z<\/p>\n\n\n\n<p>\u0130ftiharlar kazanm\u0131\u015f\u0131z<\/p>\n\n\n\n<p>Azerbaycan diyar\u0131m\u0131z<\/p>\n\n\n\n<p>Trakt\u00f6r iftihar\u0131m\u0131z<\/p>\n\n\n\n<p>Edep \u015feref \u015fuar\u0131m\u0131z Trakt\u00f6r iftihar\u0131m\u0131z<\/p>\n\n\n\n<pre class=\"wp-block-verse\"><\/pre>\n","protected":false},"excerpt":{"rendered":"<p>\u015eamil Kandemir Trakt\u00f6r Sazi, \u0130ran\u2019\u0131n Tebriz \u015fehrinde yer alan, d\u00fcnyan\u0131n en fazla T\u00fcrk taraftar\u0131na sahip futbol tak\u0131m\u0131d\u0131r. Ma\u00e7lar\u0131n\u0131 ortalama 80 bin taraftarla oynayan Trakt\u00f6r Sazi, G\u00fcney Azerbaycan T\u00fcrklerinin sembol\u00fc olmu\u015ftur. 1970 y\u0131l\u0131nda kurulan futbol tak\u0131m\u0131 ma\u00e7lar\u0131n\u0131 Yadigar \u0130mam Stadyumu&#8217;nda oynamaktad\u0131r. \u0130smini, \u00fclkenin en b\u00fcy\u00fck trakt\u00f6r fabrikas\u0131ndan almaktad\u0131r. Kul\u00fcp 2002 senesinde ligden d\u00fc\u015fmesine ra\u011fmen 2010 y\u0131l\u0131nda [&hellip;]<\/p>\n","protected":false},"author":1,"featured_media":218,"comment_status":"open","ping_status":"open","sticky":false,"template":"","format":"standard","meta":{"footnotes":""},"categories":[15,24,27,23],"tags":[],"class_list":{"0":"post-216","1":"post","2":"type-post","3":"status-publish","4":"format-standard","5":"has-post-thumbnail","7":"category-analizler","8":"category-asya","9":"category-dunya","10":"category-manset"},"_links":{"self":[{"href":"http:\/\/utamer.org\/index.php\/wp-json\/wp\/v2\/posts\/216","targetHints":{"allow":["GET"]}}],"collection":[{"href":"http:\/\/utamer.org\/index.php\/wp-json\/wp\/v2\/posts"}],"about":[{"href":"http:\/\/utamer.org\/index.php\/wp-json\/wp\/v2\/types\/post"}],"author":[{"embeddable":true,"href":"http:\/\/utamer.org\/index.php\/wp-json\/wp\/v2\/users\/1"}],"replies":[{"embeddable":true,"href":"http:\/\/utamer.org\/index.php\/wp-json\/wp\/v2\/comments?post=216"}],"version-history":[{"count":2,"href":"http:\/\/utamer.org\/index.php\/wp-json\/wp\/v2\/posts\/216\/revisions"}],"predecessor-version":[{"id":220,"href":"http:\/\/utamer.org\/index.php\/wp-json\/wp\/v2\/posts\/216\/revisions\/220"}],"wp:featuredmedia":[{"embeddable":true,"href":"http:\/\/utamer.org\/index.php\/wp-json\/wp\/v2\/media\/218"}],"wp:attachment":[{"href":"http:\/\/utamer.org\/index.php\/wp-json\/wp\/v2\/media?parent=216"}],"wp:term":[{"taxonomy":"category","embeddable":true,"href":"http:\/\/utamer.org\/index.php\/wp-json\/wp\/v2\/categories?post=216"},{"taxonomy":"post_tag","embeddable":true,"href":"http:\/\/utamer.org\/index.php\/wp-json\/wp\/v2\/tags?post=216"}],"curies":[{"name":"wp","href":"https:\/\/api.w.org\/{rel}","templated":true}]}}