{"id":394,"date":"2022-10-31T22:14:33","date_gmt":"2022-10-31T19:14:33","guid":{"rendered":"http:\/\/utamer.org\/?p=394"},"modified":"2022-10-31T22:45:19","modified_gmt":"2022-10-31T19:45:19","slug":"turkiyenin-milli-guvenligi-ve-sinirlarimiz-paneli-atoda-gerceklestirildi","status":"publish","type":"post","link":"http:\/\/utamer.org\/index.php\/2022\/10\/31\/turkiyenin-milli-guvenligi-ve-sinirlarimiz-paneli-atoda-gerceklestirildi\/","title":{"rendered":"T\u00fcrkiye&#8217;nin Milli G\u00fcvenli\u011fi ve S\u0131n\u0131rlar\u0131m\u0131z Paneli ATO&#8217;da Ger\u00e7ekle\u015ftirildi."},"content":{"rendered":"\n<p><\/p>\n\n\n\n<figure class=\"wp-block-image size-full is-resized\"><img loading=\"lazy\" decoding=\"async\" src=\"http:\/\/utamer.org\/wp-content\/uploads\/2022\/10\/3-1.png\" alt=\"\" class=\"wp-image-400\" width=\"466\" height=\"405\" srcset=\"http:\/\/utamer.org\/wp-content\/uploads\/2022\/10\/3-1.png 765w, http:\/\/utamer.org\/wp-content\/uploads\/2022\/10\/3-1-300x261.png 300w\" sizes=\"auto, (max-width: 466px) 100vw, 466px\" \/><\/figure>\n\n\n\n<p>Uluslararas\u0131 Toplum Ara\u015ft\u0131rmalar\u0131 Merkezi (UTAMER) ve Eksen Sendikas\u0131 i\u015f birli\u011fi ile \u201cT\u00fcrkiye\u2019nin Milli G\u00fcvenli\u011fi ve S\u0131n\u0131rlar\u0131m\u0131z\u201d Konulu panel, ATO Congresium\u2019 da ger\u00e7ekle\u015ftirildi. Panelin a\u00e7\u0131l\u0131\u015f konu\u015fmas\u0131n\u0131 yapan UTAMER Ba\u015fkan\u0131 Mehmet Korkud Ayd\u0131n, Uluslararas\u0131 dengelerin tekrar \u015fekillendi\u011fi bir d\u00f6nemde T\u00fcrkiye\u2019nin s\u0131n\u0131rlar\u0131n\u0131n sava\u015flar ve i\u00e7 kar\u0131\u015f\u0131kl\u0131klarla \u00e7evrili oldu\u011funu belirtti. Irak ve Suriye\u2019de ya\u015fayan T\u00fcrk n\u00fcfusunun tehdit alt\u0131nda oldu\u011funu ifade eden Ayd\u0131n, bu durumun T\u00fcrkiye Cumhuriyeti\u2019nin beka meselesi oldu\u011funu ve T\u00fcrkiye\u2019nin b\u00f6lgedeki T\u00fcrk varl\u0131\u011f\u0131n\u0131 korumas\u0131n\u0131n bir zaruret oldu\u011funu s\u00f6yledi.<\/p>\n\n\n\n<p>Eksen Sendikas\u0131 ba\u015fkan\u0131 \u0130smail Y\u0131ld\u0131z\u2019\u0131n moderat\u00f6rl\u00fc\u011f\u00fcnde ger\u00e7ekle\u015ftirilen panelde ilk s\u00f6z alan konu\u015fmac\u0131 Irak T\u00fcrkmen Cephesi T\u00fcrkiye Temsilcisi Kutluhan Yay\u00e7\u0131l\u0131 idi. Yay\u00e7\u0131l\u0131, Irak T\u00fcrklerinin tarihini ve g\u00fcncel meselelerini anlatt\u0131. Irak\u2019\u0131n 1200 y\u0131ll\u0131k bir T\u00fcrk yurdu oldu\u011funu ifade eden Yay\u00e7\u0131l\u0131 Irak T\u00fcrklerinin 1918\u2019den sonra hep yok say\u0131ld\u0131\u011f\u0131n\u0131 ve katliamlara maruz b\u0131rak\u0131ld\u0131klar\u0131n\u0131 anlatt\u0131. G\u00fcn\u00fcm\u00fczde, Irak Anayasas\u0131\u2019na g\u00f6re devletin asli kurucu unsurlar\u0131ndan birinin de T\u00fcrkler oldu\u011funu belirten Yay\u00e7\u0131l\u0131, bu ger\u00e7e\u011fe ra\u011fmen T\u00fcrklere Irak kabinesinde yer verilmedi\u011fine dikkati \u00e7ekti. Bununla birlikte Yay\u00e7\u0131l\u0131, T\u00fcrkiye\u2019de Irak T\u00fcrkleri ba\u015fta olmak \u00fczere Ortado\u011fu\u2019da ya\u015fayan T\u00fcrklerin meselelerinin yeteri kadar bilinmedi\u011fini s\u00f6yledi.<\/p>\n\n\n\n<figure class=\"wp-block-image size-large is-resized\"><img loading=\"lazy\" decoding=\"async\" src=\"http:\/\/utamer.org\/wp-content\/uploads\/2022\/10\/2-1024x768.jpeg\" alt=\"\" class=\"wp-image-401\" width=\"484\" height=\"363\" srcset=\"http:\/\/utamer.org\/wp-content\/uploads\/2022\/10\/2-1024x768.jpeg 1024w, http:\/\/utamer.org\/wp-content\/uploads\/2022\/10\/2-300x225.jpeg 300w, http:\/\/utamer.org\/wp-content\/uploads\/2022\/10\/2-768x576.jpeg 768w, http:\/\/utamer.org\/wp-content\/uploads\/2022\/10\/2-1536x1152.jpeg 1536w, http:\/\/utamer.org\/wp-content\/uploads\/2022\/10\/2-45x35.jpeg 45w, http:\/\/utamer.org\/wp-content\/uploads\/2022\/10\/2.jpeg 1600w\" sizes=\"auto, (max-width: 484px) 100vw, 484px\" \/><\/figure>\n\n\n\n<p>\u0130kinci panelist ise Suriyeli T\u00fcrkmen Dernekler Federasyonu Ba\u015fkan\u0131 Tar\u0131k Sulo Cevizci idi. Cevizci, Suriye\u2019de ya\u015fayan T\u00fcrklerin g\u00fcncel sorunlar\u0131na de\u011findi\u011fi konu\u015fmas\u0131nda, Suriye i\u00e7 sava\u015f\u0131 ba\u015flayana kadar Suriye T\u00fcrklerinin T\u00fcrk kamuoyunda yeteri kadar tan\u0131nmad\u0131\u011f\u0131n\u0131 belirtti. Cevizci, Suriye T\u00fcrklerinin tarihsel s\u00fcre\u00e7 i\u00e7inde h\u00fck\u00fcmetler taraf\u0131ndan s\u0131k s\u0131k bask\u0131 ve \u015fiddet politikalar\u0131na maruz b\u0131rak\u0131ld\u0131klar\u0131n\u0131 ve \u00f6zellikle i\u00e7 sava\u015f ba\u015flad\u0131ktan sonra \u00fclkedeki T\u00fcrk n\u00fcfusunun ciddi \u00f6l\u00e7\u00fcde azald\u0131\u011f\u0131n\u0131 s\u00f6yledi.<\/p>\n\n\n\n<p>T\u00fcrk kamuoyunda kimi \u00e7evreler taraf\u0131ndan dillendirilen \u201cT\u00fcrkiye\u2019nin Suriye\u2019de ne i\u015fi var?\u201d sorusunun yersiz ve hatal\u0131 bir yakla\u015f\u0131m\u0131n \u00fcr\u00fcn\u00fc oldu\u011funu ifade eden Cevizci, bu soruyu soranlar\u0131n ilk \u00f6nce ABD ve Rusya gibi g\u00fc\u00e7lerin b\u00f6lgede ne yapt\u0131\u011f\u0131n\u0131 sorgulamalar\u0131 gerekti\u011fini belirterek T\u00fcrkiye Cumhuriyeti\u2019nin bekas\u0131 i\u00e7in b\u00f6lgede bulunmas\u0131 gerekti\u011fini s\u00f6yledi.<\/p>\n\n\n\n<p>Panelin son konu\u015fmac\u0131s\u0131 ise Ara\u015ft\u0131rmac\u0131- Yazar Hakk\u0131 \u00d6znur idi. \u00d6znur, Suriye ve Irak\u2019\u0131n y\u00fcz y\u0131l \u00f6nce emperyalist m\u00fcdahaleler ile kurulmu\u015f devletler olduklar\u0131n\u0131 s\u00f6yledi. Her iki b\u00f6lgenin de asl\u0131nda T\u00fcrk yurdu oldu\u011funu vurgulayan \u00d6znur, \u201cHalep d\u00fc\u015ferse Antep d\u00fc\u015fer, Kerk\u00fck d\u00fc\u015ferse Ankara d\u00fc\u015fer\u201d dedi. \u00d6znur, ABD, Rusya ve \u0130ran gibi devletlerin b\u00f6lgeyi \u015fekillendirmeye \u00e7al\u0131\u015ft\u0131klar\u0131n\u0131 hat\u0131rlatarak \u201cBu \u015fartlar alt\u0131nda T\u00fcrkiye\u2019nin Suriye\u2019de veya Irak\u2019ta ne i\u015fi var?\u201d sorusunun hatal\u0131 bir yakla\u015f\u0131m\u0131n sonucu oldu\u011funu vurgulad\u0131.<\/p>\n\n\n\n<p>Kalabal\u0131k bir izleyici grubu taraf\u0131ndan takip edilen panel, Hakk\u0131 \u00d6znur\u2019un konu\u015fmas\u0131n\u0131n ard\u0131ndan sona erdi.<\/p>\n","protected":false},"excerpt":{"rendered":"<p>Uluslararas\u0131 Toplum Ara\u015ft\u0131rmalar\u0131 Merkezi (UTAMER) ve Eksen Sendikas\u0131 i\u015f birli\u011fi ile \u201cT\u00fcrkiye\u2019nin Milli G\u00fcvenli\u011fi ve S\u0131n\u0131rlar\u0131m\u0131z\u201d Konulu panel, ATO Congresium\u2019 da ger\u00e7ekle\u015ftirildi. Panelin a\u00e7\u0131l\u0131\u015f konu\u015fmas\u0131n\u0131 yapan UTAMER Ba\u015fkan\u0131 Mehmet Korkud Ayd\u0131n, Uluslararas\u0131 dengelerin tekrar \u015fekillendi\u011fi bir d\u00f6nemde T\u00fcrkiye\u2019nin s\u0131n\u0131rlar\u0131n\u0131n sava\u015flar ve i\u00e7 kar\u0131\u015f\u0131kl\u0131klarla \u00e7evrili oldu\u011funu belirtti. Irak ve Suriye\u2019de ya\u015fayan T\u00fcrk n\u00fcfusunun tehdit alt\u0131nda oldu\u011funu [&hellip;]<\/p>\n","protected":false},"author":1,"featured_media":405,"comment_status":"closed","ping_status":"open","sticky":false,"template":"","format":"standard","meta":{"footnotes":""},"categories":[16,23],"tags":[56,53,37,52,57,55,51,38],"class_list":{"0":"post-394","1":"post","2":"type-post","3":"status-publish","4":"format-standard","5":"has-post-thumbnail","7":"category-haberler","8":"category-manset","9":"tag-irak-turkmen-cephesi","10":"tag-kutluhan-yaycili","11":"tag-mehmet-korkud-aydin","12":"tag-panel","13":"tag-suriyeli-turk-dernekler-federasyonu","14":"tag-tarik-sulo-cevizci-2","15":"tag-turkiyenin-milli-guvenligi-ve-sinirlarimiz","16":"tag-utamer"},"_links":{"self":[{"href":"http:\/\/utamer.org\/index.php\/wp-json\/wp\/v2\/posts\/394","targetHints":{"allow":["GET"]}}],"collection":[{"href":"http:\/\/utamer.org\/index.php\/wp-json\/wp\/v2\/posts"}],"about":[{"href":"http:\/\/utamer.org\/index.php\/wp-json\/wp\/v2\/types\/post"}],"author":[{"embeddable":true,"href":"http:\/\/utamer.org\/index.php\/wp-json\/wp\/v2\/users\/1"}],"replies":[{"embeddable":true,"href":"http:\/\/utamer.org\/index.php\/wp-json\/wp\/v2\/comments?post=394"}],"version-history":[{"count":2,"href":"http:\/\/utamer.org\/index.php\/wp-json\/wp\/v2\/posts\/394\/revisions"}],"predecessor-version":[{"id":402,"href":"http:\/\/utamer.org\/index.php\/wp-json\/wp\/v2\/posts\/394\/revisions\/402"}],"wp:featuredmedia":[{"embeddable":true,"href":"http:\/\/utamer.org\/index.php\/wp-json\/wp\/v2\/media\/405"}],"wp:attachment":[{"href":"http:\/\/utamer.org\/index.php\/wp-json\/wp\/v2\/media?parent=394"}],"wp:term":[{"taxonomy":"category","embeddable":true,"href":"http:\/\/utamer.org\/index.php\/wp-json\/wp\/v2\/categories?post=394"},{"taxonomy":"post_tag","embeddable":true,"href":"http:\/\/utamer.org\/index.php\/wp-json\/wp\/v2\/tags?post=394"}],"curies":[{"name":"wp","href":"https:\/\/api.w.org\/{rel}","templated":true}]}}