{"id":524,"date":"2025-10-06T12:47:09","date_gmt":"2025-10-06T09:47:09","guid":{"rendered":"http:\/\/utamer.org\/?p=524"},"modified":"2025-10-06T12:50:50","modified_gmt":"2025-10-06T09:50:50","slug":"utamer-konferans-serisi-dr-bedri-sahin-cin-halk-cumhuriyetinin-buyume-stratejileri-tarihsel-ekonomik-ve-jeopolitik-boyutlar","status":"publish","type":"post","link":"http:\/\/utamer.org\/index.php\/2025\/10\/06\/utamer-konferans-serisi-dr-bedri-sahin-cin-halk-cumhuriyetinin-buyume-stratejileri-tarihsel-ekonomik-ve-jeopolitik-boyutlar\/","title":{"rendered":"UTAMER Konferans Serisi: Dr. Bedri \u015eahin &#8220;\u00c7in Halk Cumhuriyeti&#8217;nin B\u00fcy\u00fcme Stratejileri: Tarihsel, Ekonomik ve Jeopolitik Boyutlar&#8221;"},"content":{"rendered":"\n<p>Uluslararas\u0131 Toplum Ara\u015ft\u0131rmalar\u0131 Merkezi (UTAMER), 3 Ekim 2025 tarihinde saat 20.00\u2019de \u00e7evrimi\u00e7i bir konferansa ev sahipli\u011fi yapt\u0131. Dr. Bedri \u015eahin taraf\u0131ndan sunulan \u201c\u00c7in Halk Cumhuriyeti\u2019nin B\u00fcy\u00fcme Stratejileri: Tarihsel, Ekonomik ve Jeopolitik Boyutlar\u201d ba\u015fl\u0131kl\u0131 etkinlikte, \u00c7in\u2019in son yar\u0131m y\u00fczy\u0131ldaki ekonomik d\u00f6n\u00fc\u015f\u00fcm\u00fc kapsaml\u0131 bir \u015fekilde ele al\u0131nd\u0131.<\/p>\n\n\n\n<p>Dr. \u015eahin\u2019in aktar\u0131m\u0131na g\u00f6re \u00c7in\u2019in b\u00fcy\u00fcme ser\u00fcveni, 1978\u2019de Deng Xiaoping liderli\u011finde ba\u015flat\u0131lan reformlarla birlikte yeni bir d\u00f6neme girmi\u015ftir. Tar\u0131m reformlar\u0131, \u00f6zel ekonomik b\u00f6lgelerin kurulmas\u0131 ve D\u00fcnya Ticaret \u00d6rg\u00fct\u00fc\u2019ne (DT\u00d6) \u00fcyelik gibi ad\u0131mlar, \u00fclkenin kalk\u0131nma ivmesini belirlemi\u015ftir. Dr. \u015eahin, bu reformlar\u0131n sonucunda \u00c7in\u2019in y\u0131ll\u0131k ortalama %9-10\u2019luk bir GSY\u0130H art\u0131\u015f\u0131 yakalayarak 800 milyondan fazla insan\u0131 yoksulluktan \u00e7\u0131kard\u0131\u011f\u0131n\u0131 vurgulam\u0131\u015ft\u0131r.<\/p>\n\n\n\n<p>Dr. \u015eahin\u2019e g\u00f6re, ihracata dayal\u0131 sanayile\u015fme politikalar\u0131 \u00c7in\u2019i \u201cd\u00fcnya fabrikas\u0131\u201d konumuna ta\u015f\u0131m\u0131\u015ft\u0131r. 1990\u2019lardan itibaren yabanc\u0131 do\u011frudan yat\u0131r\u0131mlar\u0131n artmas\u0131 ve i\u00e7 talebin te\u015fvikiyle ekonomik model d\u00f6n\u00fc\u015f\u00fcm ge\u00e7irmi\u015ftir. G\u00fcn\u00fcm\u00fczde ise dijitalle\u015fme ve \u201c\u00e7ifte dola\u015f\u0131m\u201d stratejisi, i\u00e7 ve d\u0131\u015f pazarlar\u0131n dengeli bir \u015fekilde entegrasyonunu hedeflemektedir.<\/p>\n\n\n\n<p>Jeopolitik a\u00e7\u0131dan Dr. \u015eahin, \u00c7in\u2019in Ku\u015fak ve Yol Giri\u015fimi (BRI) ile k\u00fcresel \u00f6l\u00e7ekte etkisini art\u0131rd\u0131\u011f\u0131n\u0131 belirtmi\u015ftir. 140\u2019tan fazla \u00fclkeyi kapsayan yakla\u015f\u0131k 1 trilyon dolarl\u0131k bu altyap\u0131 giri\u015fimi, ekonomik b\u00fcy\u00fcmeyi stratejik bir geni\u015flemeye d\u00f6n\u00fc\u015ft\u00fcrm\u00fc\u015ft\u00fcr. Dr. \u015eahin\u2019e g\u00f6re Asya, Afrika ve Avrupa\u2019daki enerji koridorlar\u0131 ve liman yat\u0131r\u0131mlar\u0131 \u2013\u00f6rne\u011fin Yunanistan\u2019daki Pire Liman\u0131 ve \u00c7in-Pakistan Ekonomik Koridoru (CPEC)\u2013 \u00c7in\u2019in yumu\u015fak g\u00fcc\u00fcn\u00fc peki\u015ftirmi\u015ftir. Bununla birlikte, baz\u0131 \u00fclkelerin a\u015f\u0131r\u0131 bor\u00e7lanmas\u0131 \u201cbor\u00e7 tuza\u011f\u0131 diplomasisi\u201d ele\u015ftirilerini beraberinde getirmi\u015ftir. Dr. \u015eahin, BRI\u2019nin ayn\u0131 zamanda Rusya\u2019n\u0131n Orta Asya\u2019daki etkisini dengeledi\u011fini ve ABD\u2019nin Indo-Pasifik stratejisine kar\u015f\u0131 bir t\u00fcr jeopolitik kalkan i\u015flevi g\u00f6rd\u00fc\u011f\u00fcn\u00fc ifade etmi\u015ftir.<\/p>\n\n\n\n<p>S\u00fcrd\u00fcr\u00fclebilirlik konusuna da de\u011finen Dr. \u015eahin, h\u0131zl\u0131 kentle\u015fme ve artan enerji talebinin \u00e7evresel sorunlara yol a\u00e7t\u0131\u011f\u0131n\u0131, buna kar\u015f\u0131n \u00c7in\u2019in yenilenebilir enerji yat\u0131r\u0131mlar\u0131n\u0131 art\u0131rarak 14. Be\u015f Y\u0131ll\u0131k Plan kapsam\u0131nda karbon emisyonlar\u0131n\u0131 azaltmay\u0131 hedefledi\u011fini belirtmi\u015ftir. \u00d6te yandan, demografik ya\u015flanma ve gayrimenkul sekt\u00f6r\u00fcndeki krizlerin i\u00e7 talep merkezli reformlar\u0131 zorunlu k\u0131ld\u0131\u011f\u0131n\u0131 dile getirmi\u015ftir.<\/p>\n\n\n\n<p>Dr. \u015eahin\u2019in de\u011ferlendirmesine g\u00f6re, k\u00fcresel rekabet de \u00c7in\u2019in b\u00fcy\u00fcme dinamiklerini do\u011frudan etkilemektedir. ABD-\u00c7in aras\u0131ndaki gerilim, 2018\u2019den bu yana devam eden ticaret sava\u015flar\u0131, teknoloji ambargolar\u0131 ve Tayvan meselesiyle derinle\u015fmi\u015ftir. 2025\u2019te Donald Trump\u2019\u0131n ikinci ba\u015fkanl\u0131k d\u00f6neminde \u201cy\u00f6netilen rekabet\u201d anlay\u0131\u015f\u0131 daha da sertle\u015fmi\u015ftir. \u00c7in ise buna kar\u015f\u0131l\u0131k BRICS ve \u015eanghay \u0130\u015fbirli\u011fi \u00d6rg\u00fct\u00fc (\u015e\u0130\u00d6) gibi platformlarla \u00e7ok kutuplu bir d\u00fcnya d\u00fczenini te\u015fvik etmektedir.<\/p>\n\n\n\n<p>Sonu\u00e7 olarak Dr. \u015eahin, \u00c7in modelini \u201chibrit bir paradigma\u201d olarak nitelendirmi\u015ftir. Ona g\u00f6re \u00c7in, devlet kapitalizmini ekonomik ba\u015far\u0131yla harmanlayarak jeoekonomik bir g\u00fc\u00e7 haline gelmi\u015ftir. Ancak bu modelin s\u00fcrd\u00fcr\u00fclebilir olabilmesi i\u00e7in \u00e7evresel dengelerin ve sosyal kapsay\u0131c\u0131l\u0131\u011f\u0131n g\u00f6zetilmesi gerekti\u011fini vurgulam\u0131\u015ft\u0131r. Dr. \u015eahin, gelecekte \u00c7in\u2019in b\u00fcy\u00fcmesinde %4-5 band\u0131nda istikrarl\u0131 oranlar, ye\u015fil inovasyonlar ve Thucydides Tuza\u011f\u0131 gibi risklerin belirleyici olaca\u011f\u0131n\u0131 ifade etmi\u015ftir.<\/p>\n\n\n\n<p>Konferans\u0131n sonunda Dr. Bedri \u015eahin, konuya ilgi duyan kat\u0131l\u0131mc\u0131lar i\u00e7in baz\u0131 temel kaynaklar\u0131 ve ek materyalleri payla\u015ft\u0131. Dr. \u015eahin\u2019e g\u00f6re, \u00c7in\u2019in tarihsel y\u00fckseli\u015fini ve k\u00fcresel g\u00fc\u00e7 dengelerini daha derinlemesine anlamak isteyenler a\u015fa\u011f\u0131daki \u00fc\u00e7 eseri mutlaka incelemelidir:<\/p>\n\n\n\n<ol class=\"wp-block-list\">\n<li><strong>Paul Kennedy<\/strong>, <em>B\u00fcy\u00fck G\u00fc\u00e7lerin Y\u00fckseli\u015f ve \u00c7\u00f6k\u00fc\u015f\u00fc<\/em>, T\u00fcrkiye \u0130\u015f Bankas\u0131 K\u00fclt\u00fcr Yay\u0131nlar\u0131.<\/li>\n\n\n\n<li><strong>Prof. Dr. Ay\u015fe Zarakol<\/strong>, <em>Bat\u0131&#8217;dan \u00d6nce: Do\u011fu D\u00fczenlerinin Y\u00fckseli\u015fi ve D\u00fc\u015f\u00fc\u015f\u00fc<\/em>, Ko\u00e7 \u00dcniversitesi Yay\u0131nlar\u0131.<\/li>\n\n\n\n<li><strong>Sun Tzu<\/strong>, <em>Sava\u015f Sanat\u0131<\/em> \u2013 \u00e7e\u015fitli yay\u0131nevlerinden bas\u0131lm\u0131\u015f olup, a\u00e7\u0131k eri\u015fimli PDF s\u00fcr\u00fcmleri de mevcuttur.<\/li>\n<\/ol>\n\n\n\n<p>Dr. \u015eahin ayr\u0131ca, konferansta ele al\u0131nan konularla ba\u011flant\u0131l\u0131 olarak <strong>\u201c500 Y\u0131ll\u0131k Bat\u0131 Egemenli\u011fi Sona m\u0131 Erdi?\u201d<\/strong> ba\u015fl\u0131kl\u0131 video tart\u0131\u015fmas\u0131n\u0131 da kat\u0131l\u0131mc\u0131lara izlemelerini tavsiye etti. Bu 20 dakikal\u0131k i\u00e7erik, <strong>AI Debates TR<\/strong> adl\u0131 YouTube kanal\u0131nda yay\u0131mlanm\u0131\u015ft\u0131r ve k\u00fcresel g\u00fc\u00e7 dengelerini yapay zek\u00e2 perspektifinden ele almaktad\u0131r.<\/p>\n\n\n\n<p>Etkinli\u011fe kat\u0131lan ve sunum slaytlar\u0131na ya da ek materyallere ula\u015fmak isteyen dinleyicilerin, Dr. \u015eahin\u2019le do\u011frudan ileti\u015fime ge\u00e7ebilece\u011fi de belirtilmi\u015ftir.<br> <strong>\u0130leti\u015fim:<\/strong> <a>suntzukonficyus@gmail.com<\/a><\/p>\n\n\n\n<p>Konferans, kat\u0131l\u0131mc\u0131lar\u0131n sorular\u0131 ve katk\u0131lar\u0131yla interaktif bir bi\u00e7imde sona ermi\u015ftir.<\/p>\n\n\n\n<p>Konferans\u0131 a\u015fa\u011f\u0131daki ba\u011flant\u0131dan izleyebilisiniz:<\/p>\n\n\n\n<figure class=\"wp-block-embed is-type-video is-provider-youtube wp-block-embed-youtube wp-embed-aspect-16-9 wp-has-aspect-ratio\"><div class=\"wp-block-embed__wrapper\">\n<iframe loading=\"lazy\" title=\"UTAMER Konferans\" width=\"500\" height=\"281\" src=\"https:\/\/www.youtube.com\/embed\/RV77p1uWumw?start=390&#038;feature=oembed\" frameborder=\"0\" allow=\"accelerometer; autoplay; clipboard-write; encrypted-media; gyroscope; picture-in-picture; web-share\" referrerpolicy=\"strict-origin-when-cross-origin\" allowfullscreen><\/iframe>\n<\/div><\/figure>\n","protected":false},"excerpt":{"rendered":"<p>Uluslararas\u0131 Toplum Ara\u015ft\u0131rmalar\u0131 Merkezi (UTAMER), 3 Ekim 2025 tarihinde saat 20.00\u2019de \u00e7evrimi\u00e7i bir konferansa ev sahipli\u011fi yapt\u0131. Dr. Bedri \u015eahin taraf\u0131ndan sunulan \u201c\u00c7in Halk Cumhuriyeti\u2019nin B\u00fcy\u00fcme Stratejileri: Tarihsel, Ekonomik ve Jeopolitik Boyutlar\u201d ba\u015fl\u0131kl\u0131 etkinlikte, \u00c7in\u2019in son yar\u0131m y\u00fczy\u0131ldaki ekonomik d\u00f6n\u00fc\u015f\u00fcm\u00fc kapsaml\u0131 bir \u015fekilde ele al\u0131nd\u0131. Dr. \u015eahin\u2019in aktar\u0131m\u0131na g\u00f6re \u00c7in\u2019in b\u00fcy\u00fcme ser\u00fcveni, 1978\u2019de Deng Xiaoping [&hellip;]<\/p>\n","protected":false},"author":1,"featured_media":525,"comment_status":"closed","ping_status":"open","sticky":false,"template":"","format":"standard","meta":{"footnotes":""},"categories":[15,24,27,18,23,19],"tags":[84,90,91,88,37,39,38],"class_list":{"0":"post-524","1":"post","2":"type-post","3":"status-publish","4":"format-standard","5":"has-post-thumbnail","7":"category-analizler","8":"category-asya","9":"category-dunya","10":"category-etkinlikler","11":"category-manset","12":"category-utamer","13":"tag-cin","14":"tag-cin-halk-cumhuriyeti","15":"tag-deng-xiaoping","16":"tag-dr-bedri-sahin","17":"tag-mehmet-korkud-aydin","18":"tag-uluslararasi-toplum-arastirmalari","19":"tag-utamer"},"_links":{"self":[{"href":"http:\/\/utamer.org\/index.php\/wp-json\/wp\/v2\/posts\/524","targetHints":{"allow":["GET"]}}],"collection":[{"href":"http:\/\/utamer.org\/index.php\/wp-json\/wp\/v2\/posts"}],"about":[{"href":"http:\/\/utamer.org\/index.php\/wp-json\/wp\/v2\/types\/post"}],"author":[{"embeddable":true,"href":"http:\/\/utamer.org\/index.php\/wp-json\/wp\/v2\/users\/1"}],"replies":[{"embeddable":true,"href":"http:\/\/utamer.org\/index.php\/wp-json\/wp\/v2\/comments?post=524"}],"version-history":[{"count":2,"href":"http:\/\/utamer.org\/index.php\/wp-json\/wp\/v2\/posts\/524\/revisions"}],"predecessor-version":[{"id":528,"href":"http:\/\/utamer.org\/index.php\/wp-json\/wp\/v2\/posts\/524\/revisions\/528"}],"wp:featuredmedia":[{"embeddable":true,"href":"http:\/\/utamer.org\/index.php\/wp-json\/wp\/v2\/media\/525"}],"wp:attachment":[{"href":"http:\/\/utamer.org\/index.php\/wp-json\/wp\/v2\/media?parent=524"}],"wp:term":[{"taxonomy":"category","embeddable":true,"href":"http:\/\/utamer.org\/index.php\/wp-json\/wp\/v2\/categories?post=524"},{"taxonomy":"post_tag","embeddable":true,"href":"http:\/\/utamer.org\/index.php\/wp-json\/wp\/v2\/tags?post=524"}],"curies":[{"name":"wp","href":"https:\/\/api.w.org\/{rel}","templated":true}]}}